{"id":757,"date":"2018-06-11T09:40:07","date_gmt":"2018-06-11T08:40:07","guid":{"rendered":"http:\/\/abetiquettes.fr\/index.php\/2018\/06\/10\/etiquettes-impression-personnalisee-couleur-copy\/"},"modified":"2018-06-13T23:38:23","modified_gmt":"2018-06-13T22:38:23","slug":"etiquettes-metallisees-alu","status":"publish","type":"post","link":"https:\/\/abetiquettes.fr\/index.php\/2018\/06\/11\/etiquettes-metallisees-alu\/","title":{"rendered":"Etiquettes M\u00e9tallis\u00e9es"},"content":{"rendered":"<div id=\"themify_builder_content-757\" data-postid=\"757\" class=\"themify_builder_content themify_builder_content-757 themify_builder\">\n\n    \t\n\t\t<!-- module_row -->\n\t\t\t<div  class=\"themify_builder_row module_row clearfix module_row_0 themify_builder_757_row module_row_757-0\">\n\t\t\t\t                                <div class=\"row_inner \" >\n\n                                    \n\t\t<div  class=\"tb-column col-full first module_column tb_757_column module_column_0 module_column_757-0-0\" >\n                                                                <div class=\"tb-column-inner\">\n                            \n\n<!-- module text -->\n<div  id=\"text-757-0-0-0\" class=\"module module-text text-757-0-0-0  repeat \">\n    \n    <h1 style=\"text-align: center;\">les \u00e9tiquettes M\u00e9tallis\u00e9es<\/h1><\/div>\n<!-- \/module text -->\n                        <\/div>\n                    \t\t<\/div>\n\t\t<!-- \/.tb-column -->\n\t\t\n\t\t\n                                <\/div>\n                                <!-- \/row_inner -->\n                        <\/div>\n                        <!-- \/module_row -->\n\t\t\t\n\t\t<!-- module_row -->\n\t\t\t<div  class=\"themify_builder_row module_row clearfix module_row_1 themify_builder_757_row module_row_757-1\">\n\t\t\t\t                                <div class=\"row_inner \" >\n\n                                    \n\t\t<div  class=\"tb-column col-full first module_column tb_757_column module_column_0 module_column_757-1-0\" >\n                                                                <div class=\"tb-column-inner\">\n                            \n\n<!-- module text -->\n<div  id=\"text-757-1-0-0\" class=\"module module-text text-757-1-0-0  repeat \">\n    \n    <p><img decoding=\"async\" loading=\"lazy\" class=\" wp-image-768 aligncenter\" src=\"http:\/\/abetiquettes.fr\/wp-content\/uploads\/2018\/06\/Etiq-M\u00e9tallis\u00e9e-300x300.jpg\" alt=\"\" width=\"184\" height=\"184\" srcset=\"https:\/\/abetiquettes.fr\/wp-content\/uploads\/2018\/06\/Etiq-M\u00e9tallis\u00e9e-300x300.jpg 300w, https:\/\/abetiquettes.fr\/wp-content\/uploads\/2018\/06\/Etiq-M\u00e9tallis\u00e9e-150x150.jpg 150w, https:\/\/abetiquettes.fr\/wp-content\/uploads\/2018\/06\/Etiq-M\u00e9tallis\u00e9e-768x768.jpg 768w, https:\/\/abetiquettes.fr\/wp-content\/uploads\/2018\/06\/Etiq-M\u00e9tallis\u00e9e-1024x1024.jpg 1024w, https:\/\/abetiquettes.fr\/wp-content\/uploads\/2018\/06\/Etiq-M\u00e9tallis\u00e9e-1320x1320.jpg 1320w, https:\/\/abetiquettes.fr\/wp-content\/uploads\/2018\/06\/Etiq-M\u00e9tallis\u00e9e-1024x1024-200x200.jpg 200w\" sizes=\"(max-width: 184px) 100vw, 184px\" \/><\/p><p>Pour un ETIQUETTAGE performant. Mati\u00e9re POLYESTER \u00e0 usage EXTERIEUR.<\/p><p>AVANTAGE<\/p><ul><li>adh\u00e9sif renforc\u00e9<\/li><li>r\u00e9sistance du polyester<\/li><\/ul><p>L&rsquo;impression de vos couleurs en quadrichromie valorise votre image de marque et accentue<\/p><p>votre notori\u00e9t\u00e9 dans vos divers marquages.<\/p><ul><li>Fabrication de mat\u00e9riels<\/li><li>maintenance industrielle<\/li><li>automobile, \u00e9lectronique<\/li><li>commerce, distribution.<\/li><\/ul><p style=\"text-align: center;\"><a href=\"http:\/\/abetiquettes.fr\/index.php\/contact\/\" class=\"shortcode button    outline large black\">Demander un devis<\/a><\/p><\/div>\n<!-- \/module text -->\n                        <\/div>\n                    \t\t<\/div>\n\t\t<!-- \/.tb-column -->\n\t\t\n\t\t\n                                <\/div>\n                                <!-- \/row_inner -->\n                        <\/div>\n                        <!-- \/module_row -->\n\t\t<\/div>\n","protected":false},"excerpt":{"rendered":"<p>les \u00e9tiquettes M\u00e9tallis\u00e9es Pour un ETIQUETTAGE performant. Mati\u00e9re POLYESTER \u00e0 usage EXTERIEUR. AVANTAGE adh\u00e9sif renforc\u00e9 r\u00e9sistance du polyester L&rsquo;impression de vos couleurs en quadrichromie valorise votre image de marque et accentue votre notori\u00e9t\u00e9 dans vos divers marquages. Fabrication de mat\u00e9riels maintenance industrielle automobile, \u00e9lectronique commerce, distribution. Demander un devis<\/p>\n","protected":false},"author":1,"featured_media":768,"comment_status":"open","ping_status":"open","sticky":false,"template":"","format":"standard","meta":[],"categories":[15,17,14],"tags":[],"_links":{"self":[{"href":"https:\/\/abetiquettes.fr\/index.php\/wp-json\/wp\/v2\/posts\/757"}],"collection":[{"href":"https:\/\/abetiquettes.fr\/index.php\/wp-json\/wp\/v2\/posts"}],"about":[{"href":"https:\/\/abetiquettes.fr\/index.php\/wp-json\/wp\/v2\/types\/post"}],"author":[{"embeddable":true,"href":"https:\/\/abetiquettes.fr\/index.php\/wp-json\/wp\/v2\/users\/1"}],"replies":[{"embeddable":true,"href":"https:\/\/abetiquettes.fr\/index.php\/wp-json\/wp\/v2\/comments?post=757"}],"version-history":[{"count":24,"href":"https:\/\/abetiquettes.fr\/index.php\/wp-json\/wp\/v2\/posts\/757\/revisions"}],"predecessor-version":[{"id":783,"href":"https:\/\/abetiquettes.fr\/index.php\/wp-json\/wp\/v2\/posts\/757\/revisions\/783"}],"wp:featuredmedia":[{"embeddable":true,"href":"https:\/\/abetiquettes.fr\/index.php\/wp-json\/wp\/v2\/media\/768"}],"wp:attachment":[{"href":"https:\/\/abetiquettes.fr\/index.php\/wp-json\/wp\/v2\/media?parent=757"}],"wp:term":[{"taxonomy":"category","embeddable":true,"href":"https:\/\/abetiquettes.fr\/index.php\/wp-json\/wp\/v2\/categories?post=757"},{"taxonomy":"post_tag","embeddable":true,"href":"https:\/\/abetiquettes.fr\/index.php\/wp-json\/wp\/v2\/tags?post=757"}],"curies":[{"name":"wp","href":"https:\/\/api.w.org\/{rel}","templated":true}]}}