{"id":307,"date":"2018-06-11T10:10:01","date_gmt":"2018-06-11T09:10:01","guid":{"rendered":"http:\/\/abetiquettes.fr\/index.php\/2016\/05\/03\/etiquettes-impression-personnalisee-copy-3-copy\/"},"modified":"2018-06-13T23:31:24","modified_gmt":"2018-06-13T22:31:24","slug":"etiquettes-impression-personnalisee-copy-3-copy","status":"publish","type":"post","link":"https:\/\/abetiquettes.fr\/index.php\/2018\/06\/11\/etiquettes-impression-personnalisee-copy-3-copy\/","title":{"rendered":"Etiquettes polypropyl\u00e8ne &#8211; renforc\u00e9"},"content":{"rendered":"<div id=\"themify_builder_content-307\" data-postid=\"307\" class=\"themify_builder_content themify_builder_content-307 themify_builder\">\n\n    \t\n\t\t<!-- module_row -->\n\t\t\t<div  class=\"themify_builder_row module_row clearfix module_row_0 themify_builder_307_row module_row_307-0\">\n\t\t\t\t                                <div class=\"row_inner \" >\n\n                                    \n\t\t<div  class=\"tb-column col-full first module_column tb_307_column module_column_0 module_column_307-0-0\" >\n                                                                <div class=\"tb-column-inner\">\n                            \n\n<!-- module text -->\n<div  id=\"text-307-0-0-1\" class=\"module module-text text-307-0-0-1   \">\n    \n    <h1 style=\"text-align: center;\">Les \u00e9tiquettes polypropyl\u00e8ne renforc\u00e9 : qualit\u00e9 et durabilit\u00e9<\/h1><\/div>\n<!-- \/module text -->\n                        <\/div>\n                    \t\t<\/div>\n\t\t<!-- \/.tb-column -->\n\t\t\n\t\t\n                                <\/div>\n                                <!-- \/row_inner -->\n                        <\/div>\n                        <!-- \/module_row -->\n\t\t\t\n\t\t<!-- module_row -->\n\t\t\t<div  class=\"themify_builder_row module_row clearfix module_row_1 themify_builder_307_row module_row_307-1\">\n\t\t\t\t                                <div class=\"row_inner \" >\n\n                                    \n\t\t<div  class=\"tb-column col-full first module_column tb_307_column module_column_0 module_column_307-1-0\" >\n                                                                <div class=\"tb-column-inner\">\n                            \n\n    <!-- module image -->\n    <div  id=\"image-307-1-0-1\" class=\"module module-image image-307-1-0-1   image-center  \">\n\n        \n        <div class=\"image-wrap\">\n                            <img decoding=\"async\" src=\"http:\/\/abetiquettes.fr\/wp-content\/uploads\/2016\/05\/10-51-thickbox-150x150.jpg\" alt=\"Etiquettes polypropyl\u00e8ne &#8211; renforc\u00e9\" \/>            \n                        <\/div>\n            <!-- \/image-wrap -->\n        \n        \n            <\/div>\n    <!-- \/module image -->\n\n                        <\/div>\n                    \t\t<\/div>\n\t\t<!-- \/.tb-column -->\n\t\t\n\t\t\n                                <\/div>\n                                <!-- \/row_inner -->\n                        <\/div>\n                        <!-- \/module_row -->\n\t\t\t\n\t\t<!-- module_row -->\n\t\t\t<div  class=\"themify_builder_row module_row clearfix module_row_2 themify_builder_307_row module_row_307-2\">\n\t\t\t\t                                <div class=\"row_inner \" >\n\n                                    \n\t\t<div  class=\"tb-column col-full first module_column tb_307_column module_column_0 module_column_307-2-0\" >\n                                                                <div class=\"tb-column-inner\">\n                            \n\n<!-- module text -->\n<div  id=\"text-307-2-0-1\" class=\"module module-text text-307-2-0-1   \">\n    \n    <p>Concevez des \u00e9tiquettes durables et esth\u00e9tiques avec les \u00e9tiquettes en polypropyl\u00e8ne renforc\u00e9:<\/p><ul><li><strong>DURABILIT\u00c9<\/strong> : leur pelliculage brillant vous assure une p\u00e9rennit\u00e9 face \u00e0 l&rsquo;abrasion, aux salissures &#8230;<\/li><li><strong>ESTH\u00c9TIQUE<\/strong> : vos couleurs sont rehauss\u00e9es par le pelliculage de votre \u00e9tiquette<\/li><li><strong>\u00c9COLOGIQUE<\/strong> : le polypropyl\u00e8ne ne contient pas de chlore.<\/li><\/ul><p><strong>Des \u00e9tiquettes id\u00e9ales pour :<\/strong><\/p><ul><li>produits d\u2019entretien m\u00e9nagers<\/li><li>hygi\u00e8ne, cosm\u00e9tiques<\/li><li>packagings<\/li><li>produits agro-alimentaires<\/li><li>\u00e9lectronique, automobile et industrie<\/li><li>&#8230;<br \/><strong> \u00a0<\/strong><\/li><\/ul><p style=\"text-align: center;\"><a href=\"http:\/\/abetiquettes.fr\/wp-content\/uploads\/2016\/05\/Fiche-Etiquettes-Tra\u00e7abilit\u00e9.pdf\" class=\"shortcode button    outline large red\">Choisissez le mod\u00e8le parfait pour vos besoins parmi plusieurs types d&rsquo;\u00e9tiquettes<\/a><\/p><p style=\"text-align: center;\"><a href=\"http:\/\/abetiquettes.fr\/index.php\/contact\/\" class=\"shortcode button    outline large black\">Demander un devis<\/a><\/p><\/div>\n<!-- \/module text -->\n                        <\/div>\n                    \t\t<\/div>\n\t\t<!-- \/.tb-column -->\n\t\t\n\t\t\n                                <\/div>\n                                <!-- \/row_inner -->\n                        <\/div>\n                        <!-- \/module_row -->\n\t\t<\/div>\n","protected":false},"excerpt":{"rendered":"<p>Les \u00e9tiquettes polypropyl\u00e8ne renforc\u00e9 : qualit\u00e9 et durabilit\u00e9 Concevez des \u00e9tiquettes durables et esth\u00e9tiques avec les \u00e9tiquettes en polypropyl\u00e8ne renforc\u00e9: DURABILIT\u00c9 : leur pelliculage brillant vous assure une p\u00e9rennit\u00e9 face \u00e0 l&rsquo;abrasion, aux salissures &#8230; ESTH\u00c9TIQUE : vos couleurs sont rehauss\u00e9es par le pelliculage de votre \u00e9tiquette \u00c9COLOGIQUE : le polypropyl\u00e8ne ne contient pas de [&hellip;]<\/p>\n","protected":false},"author":1,"featured_media":319,"comment_status":"open","ping_status":"open","sticky":false,"template":"","format":"standard","meta":[],"categories":[10,15,17,13],"tags":[],"_links":{"self":[{"href":"https:\/\/abetiquettes.fr\/index.php\/wp-json\/wp\/v2\/posts\/307"}],"collection":[{"href":"https:\/\/abetiquettes.fr\/index.php\/wp-json\/wp\/v2\/posts"}],"about":[{"href":"https:\/\/abetiquettes.fr\/index.php\/wp-json\/wp\/v2\/types\/post"}],"author":[{"embeddable":true,"href":"https:\/\/abetiquettes.fr\/index.php\/wp-json\/wp\/v2\/users\/1"}],"replies":[{"embeddable":true,"href":"https:\/\/abetiquettes.fr\/index.php\/wp-json\/wp\/v2\/comments?post=307"}],"version-history":[{"count":5,"href":"https:\/\/abetiquettes.fr\/index.php\/wp-json\/wp\/v2\/posts\/307\/revisions"}],"predecessor-version":[{"id":308,"href":"https:\/\/abetiquettes.fr\/index.php\/wp-json\/wp\/v2\/posts\/307\/revisions\/308"}],"wp:featuredmedia":[{"embeddable":true,"href":"https:\/\/abetiquettes.fr\/index.php\/wp-json\/wp\/v2\/media\/319"}],"wp:attachment":[{"href":"https:\/\/abetiquettes.fr\/index.php\/wp-json\/wp\/v2\/media?parent=307"}],"wp:term":[{"taxonomy":"category","embeddable":true,"href":"https:\/\/abetiquettes.fr\/index.php\/wp-json\/wp\/v2\/categories?post=307"},{"taxonomy":"post_tag","embeddable":true,"href":"https:\/\/abetiquettes.fr\/index.php\/wp-json\/wp\/v2\/tags?post=307"}],"curies":[{"name":"wp","href":"https:\/\/api.w.org\/{rel}","templated":true}]}}