{"id":293,"date":"2016-03-03T14:47:30","date_gmt":"2016-03-03T13:47:30","guid":{"rendered":"http:\/\/abetiquettes.fr\/index.php\/2016\/05\/03\/etiquettes-impression-personnalisee-copy-copy-2-copy-2-copy-copy-copy\/"},"modified":"2016-05-12T16:20:04","modified_gmt":"2016-05-12T15:20:04","slug":"etiquettes-antivol-flexsecure","status":"publish","type":"post","link":"https:\/\/abetiquettes.fr\/index.php\/2016\/03\/03\/etiquettes-antivol-flexsecure\/","title":{"rendered":"Etiquettes Flexsecure"},"content":{"rendered":"<div id=\"themify_builder_content-293\" data-postid=\"293\" class=\"themify_builder_content themify_builder_content-293 themify_builder\">\n\n    \t\n\t\t<!-- module_row -->\n\t\t\t<div  class=\"themify_builder_row module_row clearfix module_row_0 themify_builder_293_row module_row_293-0\">\n\t\t\t\t                                <div class=\"row_inner \" >\n\n                                    \n\t\t<div  class=\"tb-column col-full first module_column tb_293_column module_column_0 module_column_293-0-0\" >\n                                                                <div class=\"tb-column-inner\">\n                            \n\n    <!-- module image -->\n    <div  id=\"image-293-0-0-1\" class=\"module module-image image-293-0-0-1   image-center  \">\n\n        \n        <div class=\"image-wrap\">\n                            <img decoding=\"async\" loading=\"lazy\" width=\"600\" height=\"600\" src=\"http:\/\/abetiquettes.fr\/wp-content\/uploads\/2016\/05\/28-90-thickbox.jpg\" class=\" wp-post-image wp-image-294\" alt=\"ABetiquettes - etiquettes antivol flexsecure\" srcset=\"https:\/\/abetiquettes.fr\/wp-content\/uploads\/2016\/05\/28-90-thickbox.jpg 600w, https:\/\/abetiquettes.fr\/wp-content\/uploads\/2016\/05\/28-90-thickbox-150x150.jpg 150w, https:\/\/abetiquettes.fr\/wp-content\/uploads\/2016\/05\/28-90-thickbox-300x300.jpg 300w, https:\/\/abetiquettes.fr\/wp-content\/uploads\/2016\/05\/28-90-thickbox-200x200.jpg 200w, https:\/\/abetiquettes.fr\/wp-content\/uploads\/2016\/05\/28-90-thickbox-978x978.jpg 978w\" sizes=\"(max-width: 600px) 100vw, 600px\" \/>            \n                        <\/div>\n            <!-- \/image-wrap -->\n        \n        \n            <\/div>\n    <!-- \/module image -->\n\n                        <\/div>\n                    \t\t<\/div>\n\t\t<!-- \/.tb-column -->\n\t\t\n\t\t\n                                <\/div>\n                                <!-- \/row_inner -->\n                        <\/div>\n                        <!-- \/module_row -->\n\t\t\t\n\t\t<!-- module_row -->\n\t\t\t<div  class=\"themify_builder_row module_row clearfix module_row_1 themify_builder_293_row module_row_293-1\">\n\t\t\t\t                                <div class=\"row_inner \" >\n\n                                    \n\t\t<div  class=\"tb-column col-full first module_column tb_293_column module_column_0 module_column_293-1-0\" >\n                                                                <div class=\"tb-column-inner\">\n                            \n\n<!-- module text -->\n<div  id=\"text-293-1-0-1\" class=\"module module-text text-293-1-0-1   \">\n    \n    <h1 style=\"text-align: center;\">les \u00e9tiquettes\u00a0Flexsecure : s\u00e9curiser vos produits<\/h1><\/div>\n<!-- \/module text -->\n                        <\/div>\n                    \t\t<\/div>\n\t\t<!-- \/.tb-column -->\n\t\t\n\t\t\n                                <\/div>\n                                <!-- \/row_inner -->\n                        <\/div>\n                        <!-- \/module_row -->\n\t\t\t\n\t\t<!-- module_row -->\n\t\t\t<div  class=\"themify_builder_row module_row clearfix module_row_2 themify_builder_293_row module_row_293-2\">\n\t\t\t\t                                <div class=\"row_inner \" >\n\n                                    \n\t\t<div  class=\"tb-column col-full first module_column tb_293_column module_column_0 module_column_293-2-0\" >\n                                                                <div class=\"tb-column-inner\">\n                            \n\n<!-- module text -->\n<div  id=\"text-293-2-0-1\" class=\"module module-text text-293-2-0-1   \">\n    \n    <p>\u00a0<\/p><p>R\u00e9sistantes de -40\u00b0C \u00e0 90\u00b0C, les \u00e9tiquettes Flexsecure prot\u00e8gent vos produits de la fraude et du vol.<\/p><p>Ces \u00e9tiquettes ne sont applicables qu&rsquo;une fois : si elles sont par la suite d\u00e9coll\u00e9es, tout comme les \u00e9tiquettes \u00ab\u00a0<a href=\"http:\/\/abetiquettes.fr\/index.php\/2016\/05\/03\/etiquettes-impression-personnalisee-copy-copy-2-copy-2-copy\/\">VOID<\/a>\u00a0\u00bb elles laisseront sur le support un marquage, et elles perdront de plus toute propri\u00e9t\u00e9 d&rsquo;adh\u00e9sion emp\u00eachant ainsi de replacer l&rsquo;\u00e9tiquette sur le support.<\/p><p style=\"text-align: center;\"><a href=\"http:\/\/abetiquettes.fr\/wp-content\/uploads\/2016\/05\/Fiche-Etiquettes-de-S\u00e9curit\u00e9.pdf\" class=\"shortcode button    outline large red\">Choisissez le mod\u00e8le parfait pour vos besoins parmi plusieurs types d&rsquo;\u00e9tiquettes anti-vol<\/a><\/p><p style=\"text-align: center;\"><a href=\"http:\/\/abetiquettes.fr\/index.php\/contact\/\" class=\"shortcode button    outline large black\">Demander un devis<\/a><\/p><\/div>\n<!-- \/module text -->\n                        <\/div>\n                    \t\t<\/div>\n\t\t<!-- \/.tb-column -->\n\t\t\n\t\t\n                                <\/div>\n                                <!-- \/row_inner -->\n                        <\/div>\n                        <!-- \/module_row -->\n\t\t<\/div>\n<!-- \/themify_builder_content -->","protected":false},"excerpt":{"rendered":"<p>les \u00e9tiquettes\u00a0Flexsecure : s\u00e9curiser vos produits<\/p>\n","protected":false},"author":1,"featured_media":294,"comment_status":"open","ping_status":"open","sticky":false,"template":"","format":"standard","meta":[],"categories":[10,15,14,13],"tags":[],"_links":{"self":[{"href":"https:\/\/abetiquettes.fr\/index.php\/wp-json\/wp\/v2\/posts\/293"}],"collection":[{"href":"https:\/\/abetiquettes.fr\/index.php\/wp-json\/wp\/v2\/posts"}],"about":[{"href":"https:\/\/abetiquettes.fr\/index.php\/wp-json\/wp\/v2\/types\/post"}],"author":[{"embeddable":true,"href":"https:\/\/abetiquettes.fr\/index.php\/wp-json\/wp\/v2\/users\/1"}],"replies":[{"embeddable":true,"href":"https:\/\/abetiquettes.fr\/index.php\/wp-json\/wp\/v2\/comments?post=293"}],"version-history":[{"count":3,"href":"https:\/\/abetiquettes.fr\/index.php\/wp-json\/wp\/v2\/posts\/293\/revisions"}],"predecessor-version":[{"id":297,"href":"https:\/\/abetiquettes.fr\/index.php\/wp-json\/wp\/v2\/posts\/293\/revisions\/297"}],"wp:featuredmedia":[{"embeddable":true,"href":"https:\/\/abetiquettes.fr\/index.php\/wp-json\/wp\/v2\/media\/294"}],"wp:attachment":[{"href":"https:\/\/abetiquettes.fr\/index.php\/wp-json\/wp\/v2\/media?parent=293"}],"wp:term":[{"taxonomy":"category","embeddable":true,"href":"https:\/\/abetiquettes.fr\/index.php\/wp-json\/wp\/v2\/categories?post=293"},{"taxonomy":"post_tag","embeddable":true,"href":"https:\/\/abetiquettes.fr\/index.php\/wp-json\/wp\/v2\/tags?post=293"}],"curies":[{"name":"wp","href":"https:\/\/api.w.org\/{rel}","templated":true}]}}