{"id":264,"date":"2018-06-11T09:10:53","date_gmt":"2018-06-11T08:10:53","guid":{"rendered":"http:\/\/abetiquettes.fr\/index.php\/2016\/05\/03\/etiquettes-impression-personnalisee-copy-3\/"},"modified":"2018-06-13T23:40:00","modified_gmt":"2018-06-13T22:40:00","slug":"etiquettes-polypro","status":"publish","type":"post","link":"https:\/\/abetiquettes.fr\/index.php\/2018\/06\/11\/etiquettes-polypro\/","title":{"rendered":"Etiquettes magn\u00e9tiques &#8211;"},"content":{"rendered":"<div id=\"themify_builder_content-264\" data-postid=\"264\" class=\"themify_builder_content themify_builder_content-264 themify_builder\">\n\n    \t\n\t\t<!-- module_row -->\n\t\t\t<div  class=\"themify_builder_row module_row clearfix module_row_0 themify_builder_264_row module_row_264-0\">\n\t\t\t\t                                <div class=\"row_inner \" >\n\n                                    \n\t\t<div  class=\"tb-column col-full first module_column tb_264_column module_column_0 module_column_264-0-0\" >\n                                                                <div class=\"tb-column-inner\">\n                            \n\n<!-- module text -->\n<div  id=\"text-264-0-0-0\" class=\"module module-text text-264-0-0-0  repeat \">\n    \n    <h1 style=\"text-align: center;\">Les \u00e9tiquettes magn\u00e9tiques: qualit\u00e9 et durabilit\u00e9<\/h1><\/div>\n<!-- \/module text -->\n                        <\/div>\n                    \t\t<\/div>\n\t\t<!-- \/.tb-column -->\n\t\t\n\t\t\n                                <\/div>\n                                <!-- \/row_inner -->\n                        <\/div>\n                        <!-- \/module_row -->\n\t\t\t\n\t\t<!-- module_row -->\n\t\t\t<div  class=\"themify_builder_row module_row clearfix module_row_1 themify_builder_264_row module_row_264-1\">\n\t\t\t\t                                <div class=\"row_inner \" >\n\n                                    \n\t\t<div  class=\"tb-column col-full first module_column tb_264_column module_column_0 module_column_264-1-0\" >\n                                                                <div class=\"tb-column-inner\">\n                            \n\n    <!-- module image -->\n    <div  id=\"image-264-1-0-0\" class=\"module module-image image-264-1-0-0  image-center  \">\n\n        \n        <div class=\"image-wrap\">\n                            <img decoding=\"async\" loading=\"lazy\" width=\"800\" height=\"800\" src=\"http:\/\/abetiquettes.fr\/wp-content\/uploads\/2016\/05\/IMG_5798.jpg\" class=\" wp-post-image wp-image-312\" alt=\"AB\u00e9tiquettes - impression \u00e9tiquettes code-barre\" srcset=\"https:\/\/abetiquettes.fr\/wp-content\/uploads\/2016\/05\/IMG_5798.jpg 800w, https:\/\/abetiquettes.fr\/wp-content\/uploads\/2016\/05\/IMG_5798-150x150.jpg 150w, https:\/\/abetiquettes.fr\/wp-content\/uploads\/2016\/05\/IMG_5798-300x300.jpg 300w, https:\/\/abetiquettes.fr\/wp-content\/uploads\/2016\/05\/IMG_5798-768x768.jpg 768w, https:\/\/abetiquettes.fr\/wp-content\/uploads\/2016\/05\/IMG_5798-200x200.jpg 200w, https:\/\/abetiquettes.fr\/wp-content\/uploads\/2016\/05\/IMG_5798-978x978.jpg 978w\" sizes=\"(max-width: 800px) 100vw, 800px\" \/>            \n                        <\/div>\n            <!-- \/image-wrap -->\n        \n        \n            <\/div>\n    <!-- \/module image -->\n\n                        <\/div>\n                    \t\t<\/div>\n\t\t<!-- \/.tb-column -->\n\t\t\n\t\t\n                                <\/div>\n                                <!-- \/row_inner -->\n                        <\/div>\n                        <!-- \/module_row -->\n\t\t\t\n\t\t<!-- module_row -->\n\t\t\t<div  class=\"themify_builder_row module_row clearfix module_row_2 themify_builder_264_row module_row_264-2\">\n\t\t\t\t                                <div class=\"row_inner \" >\n\n                                    \n\t\t<div  class=\"tb-column col-full first module_column tb_264_column module_column_0 module_column_264-2-0\" >\n                                                                <div class=\"tb-column-inner\">\n                            \n\n<!-- module text -->\n<div  id=\"text-264-2-0-0\" class=\"module module-text text-264-2-0-0   \">\n    \n    <p>Concevez des \u00e9tiquettes durables et esth\u00e9tiques avec les \u00e9tiquettes polypropyl\u00e8ne :<\/p><ul><li><strong>DURABILIT\u00c9<\/strong> : imprim\u00e9es sur polypropyl\u00e8ne et prot\u00e9g\u00e9es par un pelliculage brillant, ces \u00e9tiquettes offrent une excellente r\u00e9sistance aux frottements, aux graisses et aux nettoyages \u00e0 l\u2019eau<\/li><li><strong>ESTH\u00c9TIQUE<\/strong> : le pelliculage brillant am\u00e9liore le rendu de vos couleurs<\/li><li><strong>\u00c9COLOGIQUE<\/strong> : le polypropyl\u00e8ne ne contient pas de chlore.<\/li><\/ul><p><strong>Applications :<\/strong><br \/> Les \u00e9tiquettes synth\u00e9tiques conviennent parfaitement \u00e0 l\u2019identification de produits soumis \u00e0 des :<\/p><ul><li>fr\u00e9quentes manipulations<\/li><li>frictions ou humidit\u00e9<\/li><\/ul><p><strong>Pour offrir un visuel toujours impeccable :<\/strong><\/p><ul><li>produits d\u2019entretien m\u00e9nagers<\/li><li>hygi\u00e8ne, cosm\u00e9tiques<\/li><li>packagings<\/li><li>produits agro-alimentaires<\/li><li>\u00e9lectronique, automobile et industrie<\/li><li>&#8230;<br \/><strong> \u00a0<\/strong><\/li><\/ul><p style=\"text-align: center;\"><a href=\"http:\/\/abetiquettes.fr\/wp-content\/uploads\/2016\/05\/Fiche-Etiquettes-Tra\u00e7abilit\u00e9.pdf\" class=\"shortcode button    outline large red\">Choisissez le mod\u00e8le parfait pour vos besoins parmi plusieurs types d&rsquo;\u00e9tiquettes<\/a><\/p><p style=\"text-align: center;\"><a href=\"http:\/\/abetiquettes.fr\/index.php\/contact\/\" class=\"shortcode button    outline large black\">Demander un devis<\/a><\/p><\/div>\n<!-- \/module text -->\n                        <\/div>\n                    \t\t<\/div>\n\t\t<!-- \/.tb-column -->\n\t\t\n\t\t\n                                <\/div>\n                                <!-- \/row_inner -->\n                        <\/div>\n                        <!-- \/module_row -->\n\t\t<\/div>\n","protected":false},"excerpt":{"rendered":"<p>Les \u00e9tiquettes magn\u00e9tiques: qualit\u00e9 et durabilit\u00e9 Concevez des \u00e9tiquettes durables et esth\u00e9tiques avec les \u00e9tiquettes polypropyl\u00e8ne : DURABILIT\u00c9 : imprim\u00e9es sur polypropyl\u00e8ne et prot\u00e9g\u00e9es par un pelliculage brillant, ces \u00e9tiquettes offrent une excellente r\u00e9sistance aux frottements, aux graisses et aux nettoyages \u00e0 l\u2019eau ESTH\u00c9TIQUE : le pelliculage brillant am\u00e9liore le rendu de vos couleurs \u00c9COLOGIQUE [&hellip;]<\/p>\n","protected":false},"author":1,"featured_media":312,"comment_status":"open","ping_status":"open","sticky":false,"template":"","format":"standard","meta":[],"categories":[10,15,17,13],"tags":[],"_links":{"self":[{"href":"https:\/\/abetiquettes.fr\/index.php\/wp-json\/wp\/v2\/posts\/264"}],"collection":[{"href":"https:\/\/abetiquettes.fr\/index.php\/wp-json\/wp\/v2\/posts"}],"about":[{"href":"https:\/\/abetiquettes.fr\/index.php\/wp-json\/wp\/v2\/types\/post"}],"author":[{"embeddable":true,"href":"https:\/\/abetiquettes.fr\/index.php\/wp-json\/wp\/v2\/users\/1"}],"replies":[{"embeddable":true,"href":"https:\/\/abetiquettes.fr\/index.php\/wp-json\/wp\/v2\/comments?post=264"}],"version-history":[{"count":11,"href":"https:\/\/abetiquettes.fr\/index.php\/wp-json\/wp\/v2\/posts\/264\/revisions"}],"predecessor-version":[{"id":509,"href":"https:\/\/abetiquettes.fr\/index.php\/wp-json\/wp\/v2\/posts\/264\/revisions\/509"}],"wp:featuredmedia":[{"embeddable":true,"href":"https:\/\/abetiquettes.fr\/index.php\/wp-json\/wp\/v2\/media\/312"}],"wp:attachment":[{"href":"https:\/\/abetiquettes.fr\/index.php\/wp-json\/wp\/v2\/media?parent=264"}],"wp:term":[{"taxonomy":"category","embeddable":true,"href":"https:\/\/abetiquettes.fr\/index.php\/wp-json\/wp\/v2\/categories?post=264"},{"taxonomy":"post_tag","embeddable":true,"href":"https:\/\/abetiquettes.fr\/index.php\/wp-json\/wp\/v2\/tags?post=264"}],"curies":[{"name":"wp","href":"https:\/\/api.w.org\/{rel}","templated":true}]}}